{"id":984,"date":"2021-09-28T01:07:00","date_gmt":"2021-09-27T23:07:00","guid":{"rendered":"http:\/\/orienteeringcomo.it\/wp\/?p=984"},"modified":"2021-12-06T14:38:29","modified_gmt":"2021-12-06T13:38:29","slug":"lipomo-trofeo-lombardia-5-prova","status":"publish","type":"post","link":"https:\/\/orienteeringcomo.it\/wp\/?p=984","title":{"rendered":"Lipomo &#8211; Trofeo Lombardia 5^ Prova"},"content":{"rendered":"\n<div class=\"wp-block-buttons is-layout-flex wp-block-buttons-is-layout-flex\">\n<div class=\"wp-block-button has-custom-width wp-block-button__width-50 is-style-fill\"><a class=\"wp-block-button__link\" href=\"https:\/\/www.dropbox.com\/sh\/rqiuapy5tpjygzn\/AAABmge3uCgv33B5GzsVRol3a?dl=0\" style=\"border-radius:5px\" target=\"_blank\" rel=\"noreferrer noopener\">Allegati<\/a><\/div>\n\n\n\n<div class=\"wp-block-button has-custom-width wp-block-button__width-50\"><a class=\"wp-block-button__link\" href=\"https:\/\/www.fiso.it\/gara\/2021114\" style=\"border-radius:5px\" target=\"_blank\" rel=\"noreferrer noopener\">Sito FISO<\/a><\/div>\n\n\n\n<div class=\"wp-block-button has-custom-width wp-block-button__width-50\"><a class=\"wp-block-button__link\" href=\"https:\/\/www.bostek.it\/live\/Griglie.html?id=107\" style=\"border-radius:5px\" target=\"_blank\" rel=\"noreferrer noopener\">Iscritti<\/a><\/div>\n\n\n\n<div class=\"wp-block-button has-custom-width wp-block-button__width-50\"><a class=\"wp-block-button__link\" href=\"https:\/\/www.bostek.it\/live\/Classifiche.html?id=107\" style=\"border-radius:5px\" target=\"_blank\" rel=\"noreferrer noopener\">Classifiche<\/a><\/div>\n<\/div>\n\n\n\n<hr class=\"wp-block-separator is-style-dots\"\/>\n\n\n\n<h3 class=\"wp-block-heading\">Centro gara<\/h3>\n\n\n\n<ul class=\"wp-block-list\"><li>Presso <a href=\"https:\/\/goo.gl\/maps\/FpPh8SMniDeRFfrU8\" data-type=\"URL\" data-id=\"https:\/\/goo.gl\/maps\/FpPh8SMniDeRFfrU8\" target=\"_blank\" rel=\"noreferrer noopener\">NEWLARIOPARK via olimpica 1<\/a> (coordinate 45.786541, 9.129702)<\/li><li>Parcheggio zona ritrovo (seguire le indicazioni degli addetti)<\/li><li>Apertura centro gara ore 9,30<\/li><li>Presenza di una tensostruttura dove sar\u00e0 possibile depositare gli zaini, si raccomanda di mantenere la distanza prescritta dal protocollo covid di 2 metri e l\u2019uso obbligatorio della mascherina<\/li><li>Disponibilit\u00e0 dei bagni, non saranno disponibili spogliatoi e docce<\/li><li>Bar disponibile al centro gara (rispettare le regole anti covid per l\u2019accesso)<\/li><li>Seguire i percorsi segnalati<\/li><\/ul>\n\n\n\n<h3 class=\"wp-block-heading\">Categorie<\/h3>\n\n\n\n<ul class=\"wp-block-list\"><li>Agonisti: M\/W-14, M\/W-16, M\/W-18, M\/W Elite, M\/W35+, M\/W45+, M\/W55+, M\/W65+, M\/W70+<\/li><li>Percorsi colori secondo regolamento FISO Lombardia<\/li><li>Non agonisti: MW10, M-12 e W-12<\/li><li>Ludico motorio: Esordienti<\/li><\/ul>\n\n\n\n<h3 class=\"wp-block-heading\">Carta di gara<\/h3>\n\n\n\n<ul class=\"wp-block-list\"><li>Estratto Val Basca &#8211; Montorfano (in attesa di omologazione) 2021<\/li><li>Revisione agosto 2021<\/li><li>Le curve di livello 5 mt<\/li><li>Scala 1: 10000<\/li><li>Il terreno di gara \u00e8 quasi totalmente costituito da foresta in media &#8220;giovane&#8221; su colline con dislivello contenuto e coste non molto alte ma ripide, gli alberi sono un misto di latifoglie e poche conifere, dove prevale quasi dappertutto il castagno. Vi sono poche zone umide che nei periodi di pioggia per\u00f2 possono formare zone paludose o fangose, il sottobosco solo raramente \u00e8 costituito da rovi, la visibilit\u00e0 \u00e8 quasi sempre limitata dalle foglie. Esiste una fitta rete di sentieri; massi e rocce sono in prevalenza molto pochi ed anche molto piccoli.<\/li><\/ul>\n\n\n\n<h3 class=\"wp-block-heading\"><strong>Comitato organizzatore<\/strong><\/h3>\n\n\n\n<ul class=\"wp-block-list\"><li>Direttore gara: Ivano Benini<\/li><li>Responsabile logistica: Beppe Ceresa<\/li><li>Tracciatore: Francesco Giandomenico<\/li><li>Controllore: Erica Ceresa e Tommaso Bocchietti<\/li><li>Responsabile partenza: Luca Faini<\/li><li>Responsabile arrivo: Luigi Penati<\/li><li>Elaborazione dati: Alessio Sabbadini<\/li><\/ul>\n\n\n\n<hr class=\"wp-block-separator is-style-dots\"\/>\n\n\n\n<p><em>Ulteriori informazioni presenti nella sezione allegati<\/em><\/p>\n\n\n","protected":false},"excerpt":{"rendered":"<p>Centro gara Presso NEWLARIOPARK via olimpica 1 (coordinate 45.786541, 9.129702) Parcheggio zona ritrovo (seguire le indicazioni degli addetti) Apertura centro gara ore 9,30 Presenza di una tensostruttura dove sar\u00e0 possibile depositare gli zaini, si raccomanda di mantenere la distanza prescritta dal protocollo covid di 2 metri e l\u2019uso obbligatorio della mascherina Disponibilit\u00e0 dei bagni, non [&hellip;]<\/p>\n","protected":false},"author":1,"featured_media":455,"comment_status":"closed","ping_status":"open","sticky":false,"template":"","format":"standard","meta":{"footnotes":""},"categories":[5,4],"tags":[],"class_list":["post-984","post","type-post","status-publish","format-standard","has-post-thumbnail","hentry","category-promozionale","category-trofeo-lombardia"],"_links":{"self":[{"href":"https:\/\/orienteeringcomo.it\/wp\/index.php?rest_route=\/wp\/v2\/posts\/984","targetHints":{"allow":["GET"]}}],"collection":[{"href":"https:\/\/orienteeringcomo.it\/wp\/index.php?rest_route=\/wp\/v2\/posts"}],"about":[{"href":"https:\/\/orienteeringcomo.it\/wp\/index.php?rest_route=\/wp\/v2\/types\/post"}],"author":[{"embeddable":true,"href":"https:\/\/orienteeringcomo.it\/wp\/index.php?rest_route=\/wp\/v2\/users\/1"}],"replies":[{"embeddable":true,"href":"https:\/\/orienteeringcomo.it\/wp\/index.php?rest_route=%2Fwp%2Fv2%2Fcomments&post=984"}],"version-history":[{"count":25,"href":"https:\/\/orienteeringcomo.it\/wp\/index.php?rest_route=\/wp\/v2\/posts\/984\/revisions"}],"predecessor-version":[{"id":1134,"href":"https:\/\/orienteeringcomo.it\/wp\/index.php?rest_route=\/wp\/v2\/posts\/984\/revisions\/1134"}],"wp:featuredmedia":[{"embeddable":true,"href":"https:\/\/orienteeringcomo.it\/wp\/index.php?rest_route=\/wp\/v2\/media\/455"}],"wp:attachment":[{"href":"https:\/\/orienteeringcomo.it\/wp\/index.php?rest_route=%2Fwp%2Fv2%2Fmedia&parent=984"}],"wp:term":[{"taxonomy":"category","embeddable":true,"href":"https:\/\/orienteeringcomo.it\/wp\/index.php?rest_route=%2Fwp%2Fv2%2Fcategories&post=984"},{"taxonomy":"post_tag","embeddable":true,"href":"https:\/\/orienteeringcomo.it\/wp\/index.php?rest_route=%2Fwp%2Fv2%2Ftags&post=984"}],"curies":[{"name":"wp","href":"https:\/\/api.w.org\/{rel}","templated":true}]}}